{"id":551,"date":"2017-09-24T12:53:22","date_gmt":"2017-09-24T10:53:22","guid":{"rendered":"http:\/\/www.wilhelmkuehs.com\/?p=551"},"modified":"2017-09-29T14:26:18","modified_gmt":"2017-09-29T12:26:18","slug":"kein-denkmal-fuer-diana","status":"publish","type":"post","link":"https:\/\/www.wilhelmkuehs.com\/index.php\/2017\/09\/24\/kein-denkmal-fuer-diana\/","title":{"rendered":"Kein Denkmal f\u00fcr Diana"},"content":{"rendered":"<p>Diana Budisavljevic rettete \u00fcber 10.000 Kinder aus kroatischen Konzentrationslagern.<br \/>\nEin Denkmal f\u00fcr diese Heldin sucht man vergebens.<\/p>\n<p><img loading=\"lazy\" decoding=\"async\" class=\"size-medium wp-image-553 alignleft\" src=\"http:\/\/www.wilhelmkuehs.com\/wp-content\/uploads\/2017\/09\/diana-meme-300x199.jpg\" alt=\"\" width=\"300\" height=\"199\" srcset=\"https:\/\/www.wilhelmkuehs.com\/wp-content\/uploads\/2017\/09\/diana-meme-300x199.jpg 300w, https:\/\/www.wilhelmkuehs.com\/wp-content\/uploads\/2017\/09\/diana-meme.jpg 482w\" sizes=\"auto, (max-width: 300px) 100vw, 300px\" \/>Diana Budisavljevic k\u00e4mpfte gegen das faschistische Regime der Ustascha, das alle Serben auf kroatischem Boden entweder t\u00f6ten, aussiedeln oder umerziehen wollte. Gemeinsam mit Rotem Kreuz, Caritas und Antifaschistischer Frauenfront schaffte sie es, \u00fcber 10.000 Kinder aus den Todeslagern der kroatischen Ustascha zu befreien und bei Familien im ganzen Land unterzubringen. Um nach den Krieg Kinder und Eltern wieder zusammenbringen zu k\u00f6nnen, f\u00fchrte Diana eine akribisch genaue Kartei.<\/p>\n<p>Wie Diana Budisavljevic sind auch viele andere Heldinnen und Helden aus der Zeit des Zweiten Weltkrieges und des Holocaust heute vergessen. Ihnen, den Gerechten unter den V\u00f6lkern, den Mutigen und Unverzagten, soll nicht nur am Tag des Denkmals unser Gedenken gewidmet sein.<br \/>\nUnsere Aufgabe ist es, ihre Geschichten bekannt zu machen und ihrem Vorbild zu folgen. Der Tag des Denkmals soll ein Ansto\u00df sein, um jene vergessenen Heldinnen und Helden wieder in Erinnerung zu rufen und sie zu ehren.<\/p>\n","protected":false},"excerpt":{"rendered":"<p>Diana Budisavljevic rettete \u00fcber 10.000 Kinder aus kroatischen Konzentrationslagern. Ein Denkmal f\u00fcr diese Heldin sucht man vergebens. Diana Budisavljevic k\u00e4mpfte gegen das faschistische Regime der Ustascha, das alle Serben auf [&hellip;]<\/p>\n","protected":false},"author":1,"featured_media":0,"comment_status":"open","ping_status":"open","sticky":false,"template":"","format":"standard","meta":{"_custom_body_class":"","_custom_post_class":"","footnotes":""},"categories":[1],"tags":[],"class_list":["post-551","post","type-post","status-publish","format-standard","hentry","category-allgemein"],"yoast_head":"<!-- This site is optimized with the Yoast SEO plugin v27.3 - https:\/\/yoast.com\/product\/yoast-seo-wordpress\/ -->\n<title>Kein Denkmal f\u00fcr Diana - Wilhelm Kuehs<\/title>\n<meta name=\"robots\" content=\"index, follow, max-snippet:-1, max-image-preview:large, max-video-preview:-1\" \/>\n<link rel=\"canonical\" href=\"https:\/\/www.wilhelmkuehs.com\/index.php\/2017\/09\/24\/kein-denkmal-fuer-diana\/\" \/>\n<meta property=\"og:locale\" content=\"de_DE\" \/>\n<meta property=\"og:type\" content=\"article\" \/>\n<meta property=\"og:title\" content=\"Kein Denkmal f\u00fcr Diana - Wilhelm Kuehs\" \/>\n<meta property=\"og:description\" content=\"Diana Budisavljevic rettete \u00fcber 10.000 Kinder aus kroatischen Konzentrationslagern. Ein Denkmal f\u00fcr diese Heldin sucht man vergebens. Diana Budisavljevic k\u00e4mpfte gegen das faschistische Regime der Ustascha, das alle Serben auf [&hellip;]\" \/>\n<meta property=\"og:url\" content=\"https:\/\/www.wilhelmkuehs.com\/index.php\/2017\/09\/24\/kein-denkmal-fuer-diana\/\" \/>\n<meta property=\"og:site_name\" content=\"Wilhelm Kuehs\" \/>\n<meta property=\"article:publisher\" content=\"https:\/\/www.facebook.com\/Wilhelm.Kuehs\" \/>\n<meta property=\"article:author\" content=\"https:\/\/www.facebook.com\/Wilhelm.Kuehs\" \/>\n<meta property=\"article:published_time\" content=\"2017-09-24T10:53:22+00:00\" \/>\n<meta property=\"article:modified_time\" content=\"2017-09-29T12:26:18+00:00\" \/>\n<meta property=\"og:image\" content=\"http:\/\/www.wilhelmkuehs.com\/wp-content\/uploads\/2017\/09\/diana-meme-300x199.jpg\" \/>\n<meta name=\"author\" content=\"Wilhelm Kuehs\" \/>\n<meta name=\"twitter:card\" content=\"summary_large_image\" \/>\n<meta name=\"twitter:label1\" content=\"Verfasst von\" \/>\n\t<meta name=\"twitter:data1\" content=\"Wilhelm Kuehs\" \/>\n\t<meta name=\"twitter:label2\" content=\"Gesch\u00e4tzte Lesezeit\" \/>\n\t<meta name=\"twitter:data2\" content=\"1\u00a0Minute\" \/>\n<script type=\"application\/ld+json\" class=\"yoast-schema-graph\">{\"@context\":\"https:\\\/\\\/schema.org\",\"@graph\":[{\"@type\":\"Article\",\"@id\":\"https:\\\/\\\/www.wilhelmkuehs.com\\\/index.php\\\/2017\\\/09\\\/24\\\/kein-denkmal-fuer-diana\\\/#article\",\"isPartOf\":{\"@id\":\"https:\\\/\\\/www.wilhelmkuehs.com\\\/index.php\\\/2017\\\/09\\\/24\\\/kein-denkmal-fuer-diana\\\/\"},\"author\":{\"name\":\"Wilhelm Kuehs\",\"@id\":\"https:\\\/\\\/www.wilhelmkuehs.com\\\/#\\\/schema\\\/person\\\/8144eaed5f2340c3b04e457a20259ccd\"},\"headline\":\"Kein Denkmal f\u00fcr Diana\",\"datePublished\":\"2017-09-24T10:53:22+00:00\",\"dateModified\":\"2017-09-29T12:26:18+00:00\",\"mainEntityOfPage\":{\"@id\":\"https:\\\/\\\/www.wilhelmkuehs.com\\\/index.php\\\/2017\\\/09\\\/24\\\/kein-denkmal-fuer-diana\\\/\"},\"wordCount\":172,\"commentCount\":0,\"publisher\":{\"@id\":\"https:\\\/\\\/www.wilhelmkuehs.com\\\/#\\\/schema\\\/person\\\/8144eaed5f2340c3b04e457a20259ccd\"},\"image\":{\"@id\":\"https:\\\/\\\/www.wilhelmkuehs.com\\\/index.php\\\/2017\\\/09\\\/24\\\/kein-denkmal-fuer-diana\\\/#primaryimage\"},\"thumbnailUrl\":\"http:\\\/\\\/www.wilhelmkuehs.com\\\/wp-content\\\/uploads\\\/2017\\\/09\\\/diana-meme-300x199.jpg\",\"inLanguage\":\"de\",\"potentialAction\":[{\"@type\":\"CommentAction\",\"name\":\"Comment\",\"target\":[\"https:\\\/\\\/www.wilhelmkuehs.com\\\/index.php\\\/2017\\\/09\\\/24\\\/kein-denkmal-fuer-diana\\\/#respond\"]}]},{\"@type\":\"WebPage\",\"@id\":\"https:\\\/\\\/www.wilhelmkuehs.com\\\/index.php\\\/2017\\\/09\\\/24\\\/kein-denkmal-fuer-diana\\\/\",\"url\":\"https:\\\/\\\/www.wilhelmkuehs.com\\\/index.php\\\/2017\\\/09\\\/24\\\/kein-denkmal-fuer-diana\\\/\",\"name\":\"Kein Denkmal f\u00fcr Diana - Wilhelm Kuehs\",\"isPartOf\":{\"@id\":\"https:\\\/\\\/www.wilhelmkuehs.com\\\/#website\"},\"primaryImageOfPage\":{\"@id\":\"https:\\\/\\\/www.wilhelmkuehs.com\\\/index.php\\\/2017\\\/09\\\/24\\\/kein-denkmal-fuer-diana\\\/#primaryimage\"},\"image\":{\"@id\":\"https:\\\/\\\/www.wilhelmkuehs.com\\\/index.php\\\/2017\\\/09\\\/24\\\/kein-denkmal-fuer-diana\\\/#primaryimage\"},\"thumbnailUrl\":\"http:\\\/\\\/www.wilhelmkuehs.com\\\/wp-content\\\/uploads\\\/2017\\\/09\\\/diana-meme-300x199.jpg\",\"datePublished\":\"2017-09-24T10:53:22+00:00\",\"dateModified\":\"2017-09-29T12:26:18+00:00\",\"breadcrumb\":{\"@id\":\"https:\\\/\\\/www.wilhelmkuehs.com\\\/index.php\\\/2017\\\/09\\\/24\\\/kein-denkmal-fuer-diana\\\/#breadcrumb\"},\"inLanguage\":\"de\",\"potentialAction\":[{\"@type\":\"ReadAction\",\"target\":[\"https:\\\/\\\/www.wilhelmkuehs.com\\\/index.php\\\/2017\\\/09\\\/24\\\/kein-denkmal-fuer-diana\\\/\"]}]},{\"@type\":\"ImageObject\",\"inLanguage\":\"de\",\"@id\":\"https:\\\/\\\/www.wilhelmkuehs.com\\\/index.php\\\/2017\\\/09\\\/24\\\/kein-denkmal-fuer-diana\\\/#primaryimage\",\"url\":\"https:\\\/\\\/www.wilhelmkuehs.com\\\/wp-content\\\/uploads\\\/2017\\\/09\\\/diana-meme.jpg\",\"contentUrl\":\"https:\\\/\\\/www.wilhelmkuehs.com\\\/wp-content\\\/uploads\\\/2017\\\/09\\\/diana-meme.jpg\",\"width\":482,\"height\":320},{\"@type\":\"BreadcrumbList\",\"@id\":\"https:\\\/\\\/www.wilhelmkuehs.com\\\/index.php\\\/2017\\\/09\\\/24\\\/kein-denkmal-fuer-diana\\\/#breadcrumb\",\"itemListElement\":[{\"@type\":\"ListItem\",\"position\":1,\"name\":\"Home\",\"item\":\"https:\\\/\\\/www.wilhelmkuehs.com\\\/\"},{\"@type\":\"ListItem\",\"position\":2,\"name\":\"Kein Denkmal f\u00fcr Diana\"}]},{\"@type\":\"WebSite\",\"@id\":\"https:\\\/\\\/www.wilhelmkuehs.com\\\/#website\",\"url\":\"https:\\\/\\\/www.wilhelmkuehs.com\\\/\",\"name\":\"Wilhelm Kuehs\",\"description\":\"Offizielle Website\",\"publisher\":{\"@id\":\"https:\\\/\\\/www.wilhelmkuehs.com\\\/#\\\/schema\\\/person\\\/8144eaed5f2340c3b04e457a20259ccd\"},\"potentialAction\":[{\"@type\":\"SearchAction\",\"target\":{\"@type\":\"EntryPoint\",\"urlTemplate\":\"https:\\\/\\\/www.wilhelmkuehs.com\\\/?s={search_term_string}\"},\"query-input\":{\"@type\":\"PropertyValueSpecification\",\"valueRequired\":true,\"valueName\":\"search_term_string\"}}],\"inLanguage\":\"de\"},{\"@type\":[\"Person\",\"Organization\"],\"@id\":\"https:\\\/\\\/www.wilhelmkuehs.com\\\/#\\\/schema\\\/person\\\/8144eaed5f2340c3b04e457a20259ccd\",\"name\":\"Wilhelm Kuehs\",\"image\":{\"@type\":\"ImageObject\",\"inLanguage\":\"de\",\"@id\":\"https:\\\/\\\/www.wilhelmkuehs.com\\\/wp-content\\\/uploads\\\/2017\\\/08\\\/presse01.jpg\",\"url\":\"https:\\\/\\\/www.wilhelmkuehs.com\\\/wp-content\\\/uploads\\\/2017\\\/08\\\/presse01.jpg\",\"contentUrl\":\"https:\\\/\\\/www.wilhelmkuehs.com\\\/wp-content\\\/uploads\\\/2017\\\/08\\\/presse01.jpg\",\"width\":2048,\"height\":1536,\"caption\":\"Wilhelm Kuehs\"},\"logo\":{\"@id\":\"https:\\\/\\\/www.wilhelmkuehs.com\\\/wp-content\\\/uploads\\\/2017\\\/08\\\/presse01.jpg\"},\"sameAs\":[\"https:\\\/\\\/www.facebook.com\\\/Wilhelm.Kuehs\",\"https:\\\/\\\/de.wikipedia.org\\\/wiki\\\/Wilhelm_Kuehs\"]}]}<\/script>\n<!-- \/ Yoast SEO plugin. -->","yoast_head_json":{"title":"Kein Denkmal f\u00fcr Diana - Wilhelm Kuehs","robots":{"index":"index","follow":"follow","max-snippet":"max-snippet:-1","max-image-preview":"max-image-preview:large","max-video-preview":"max-video-preview:-1"},"canonical":"https:\/\/www.wilhelmkuehs.com\/index.php\/2017\/09\/24\/kein-denkmal-fuer-diana\/","og_locale":"de_DE","og_type":"article","og_title":"Kein Denkmal f\u00fcr Diana - Wilhelm Kuehs","og_description":"Diana Budisavljevic rettete \u00fcber 10.000 Kinder aus kroatischen Konzentrationslagern. Ein Denkmal f\u00fcr diese Heldin sucht man vergebens. Diana Budisavljevic k\u00e4mpfte gegen das faschistische Regime der Ustascha, das alle Serben auf [&hellip;]","og_url":"https:\/\/www.wilhelmkuehs.com\/index.php\/2017\/09\/24\/kein-denkmal-fuer-diana\/","og_site_name":"Wilhelm Kuehs","article_publisher":"https:\/\/www.facebook.com\/Wilhelm.Kuehs","article_author":"https:\/\/www.facebook.com\/Wilhelm.Kuehs","article_published_time":"2017-09-24T10:53:22+00:00","article_modified_time":"2017-09-29T12:26:18+00:00","og_image":[{"url":"http:\/\/www.wilhelmkuehs.com\/wp-content\/uploads\/2017\/09\/diana-meme-300x199.jpg","type":"","width":"","height":""}],"author":"Wilhelm Kuehs","twitter_card":"summary_large_image","twitter_misc":{"Verfasst von":"Wilhelm Kuehs","Gesch\u00e4tzte Lesezeit":"1\u00a0Minute"},"schema":{"@context":"https:\/\/schema.org","@graph":[{"@type":"Article","@id":"https:\/\/www.wilhelmkuehs.com\/index.php\/2017\/09\/24\/kein-denkmal-fuer-diana\/#article","isPartOf":{"@id":"https:\/\/www.wilhelmkuehs.com\/index.php\/2017\/09\/24\/kein-denkmal-fuer-diana\/"},"author":{"name":"Wilhelm Kuehs","@id":"https:\/\/www.wilhelmkuehs.com\/#\/schema\/person\/8144eaed5f2340c3b04e457a20259ccd"},"headline":"Kein Denkmal f\u00fcr Diana","datePublished":"2017-09-24T10:53:22+00:00","dateModified":"2017-09-29T12:26:18+00:00","mainEntityOfPage":{"@id":"https:\/\/www.wilhelmkuehs.com\/index.php\/2017\/09\/24\/kein-denkmal-fuer-diana\/"},"wordCount":172,"commentCount":0,"publisher":{"@id":"https:\/\/www.wilhelmkuehs.com\/#\/schema\/person\/8144eaed5f2340c3b04e457a20259ccd"},"image":{"@id":"https:\/\/www.wilhelmkuehs.com\/index.php\/2017\/09\/24\/kein-denkmal-fuer-diana\/#primaryimage"},"thumbnailUrl":"http:\/\/www.wilhelmkuehs.com\/wp-content\/uploads\/2017\/09\/diana-meme-300x199.jpg","inLanguage":"de","potentialAction":[{"@type":"CommentAction","name":"Comment","target":["https:\/\/www.wilhelmkuehs.com\/index.php\/2017\/09\/24\/kein-denkmal-fuer-diana\/#respond"]}]},{"@type":"WebPage","@id":"https:\/\/www.wilhelmkuehs.com\/index.php\/2017\/09\/24\/kein-denkmal-fuer-diana\/","url":"https:\/\/www.wilhelmkuehs.com\/index.php\/2017\/09\/24\/kein-denkmal-fuer-diana\/","name":"Kein Denkmal f\u00fcr Diana - Wilhelm Kuehs","isPartOf":{"@id":"https:\/\/www.wilhelmkuehs.com\/#website"},"primaryImageOfPage":{"@id":"https:\/\/www.wilhelmkuehs.com\/index.php\/2017\/09\/24\/kein-denkmal-fuer-diana\/#primaryimage"},"image":{"@id":"https:\/\/www.wilhelmkuehs.com\/index.php\/2017\/09\/24\/kein-denkmal-fuer-diana\/#primaryimage"},"thumbnailUrl":"http:\/\/www.wilhelmkuehs.com\/wp-content\/uploads\/2017\/09\/diana-meme-300x199.jpg","datePublished":"2017-09-24T10:53:22+00:00","dateModified":"2017-09-29T12:26:18+00:00","breadcrumb":{"@id":"https:\/\/www.wilhelmkuehs.com\/index.php\/2017\/09\/24\/kein-denkmal-fuer-diana\/#breadcrumb"},"inLanguage":"de","potentialAction":[{"@type":"ReadAction","target":["https:\/\/www.wilhelmkuehs.com\/index.php\/2017\/09\/24\/kein-denkmal-fuer-diana\/"]}]},{"@type":"ImageObject","inLanguage":"de","@id":"https:\/\/www.wilhelmkuehs.com\/index.php\/2017\/09\/24\/kein-denkmal-fuer-diana\/#primaryimage","url":"https:\/\/www.wilhelmkuehs.com\/wp-content\/uploads\/2017\/09\/diana-meme.jpg","contentUrl":"https:\/\/www.wilhelmkuehs.com\/wp-content\/uploads\/2017\/09\/diana-meme.jpg","width":482,"height":320},{"@type":"BreadcrumbList","@id":"https:\/\/www.wilhelmkuehs.com\/index.php\/2017\/09\/24\/kein-denkmal-fuer-diana\/#breadcrumb","itemListElement":[{"@type":"ListItem","position":1,"name":"Home","item":"https:\/\/www.wilhelmkuehs.com\/"},{"@type":"ListItem","position":2,"name":"Kein Denkmal f\u00fcr Diana"}]},{"@type":"WebSite","@id":"https:\/\/www.wilhelmkuehs.com\/#website","url":"https:\/\/www.wilhelmkuehs.com\/","name":"Wilhelm Kuehs","description":"Offizielle Website","publisher":{"@id":"https:\/\/www.wilhelmkuehs.com\/#\/schema\/person\/8144eaed5f2340c3b04e457a20259ccd"},"potentialAction":[{"@type":"SearchAction","target":{"@type":"EntryPoint","urlTemplate":"https:\/\/www.wilhelmkuehs.com\/?s={search_term_string}"},"query-input":{"@type":"PropertyValueSpecification","valueRequired":true,"valueName":"search_term_string"}}],"inLanguage":"de"},{"@type":["Person","Organization"],"@id":"https:\/\/www.wilhelmkuehs.com\/#\/schema\/person\/8144eaed5f2340c3b04e457a20259ccd","name":"Wilhelm Kuehs","image":{"@type":"ImageObject","inLanguage":"de","@id":"https:\/\/www.wilhelmkuehs.com\/wp-content\/uploads\/2017\/08\/presse01.jpg","url":"https:\/\/www.wilhelmkuehs.com\/wp-content\/uploads\/2017\/08\/presse01.jpg","contentUrl":"https:\/\/www.wilhelmkuehs.com\/wp-content\/uploads\/2017\/08\/presse01.jpg","width":2048,"height":1536,"caption":"Wilhelm Kuehs"},"logo":{"@id":"https:\/\/www.wilhelmkuehs.com\/wp-content\/uploads\/2017\/08\/presse01.jpg"},"sameAs":["https:\/\/www.facebook.com\/Wilhelm.Kuehs","https:\/\/de.wikipedia.org\/wiki\/Wilhelm_Kuehs"]}]}},"_links":{"self":[{"href":"https:\/\/www.wilhelmkuehs.com\/index.php\/wp-json\/wp\/v2\/posts\/551","targetHints":{"allow":["GET"]}}],"collection":[{"href":"https:\/\/www.wilhelmkuehs.com\/index.php\/wp-json\/wp\/v2\/posts"}],"about":[{"href":"https:\/\/www.wilhelmkuehs.com\/index.php\/wp-json\/wp\/v2\/types\/post"}],"author":[{"embeddable":true,"href":"https:\/\/www.wilhelmkuehs.com\/index.php\/wp-json\/wp\/v2\/users\/1"}],"replies":[{"embeddable":true,"href":"https:\/\/www.wilhelmkuehs.com\/index.php\/wp-json\/wp\/v2\/comments?post=551"}],"version-history":[{"count":4,"href":"https:\/\/www.wilhelmkuehs.com\/index.php\/wp-json\/wp\/v2\/posts\/551\/revisions"}],"predecessor-version":[{"id":560,"href":"https:\/\/www.wilhelmkuehs.com\/index.php\/wp-json\/wp\/v2\/posts\/551\/revisions\/560"}],"wp:attachment":[{"href":"https:\/\/www.wilhelmkuehs.com\/index.php\/wp-json\/wp\/v2\/media?parent=551"}],"wp:term":[{"taxonomy":"category","embeddable":true,"href":"https:\/\/www.wilhelmkuehs.com\/index.php\/wp-json\/wp\/v2\/categories?post=551"},{"taxonomy":"post_tag","embeddable":true,"href":"https:\/\/www.wilhelmkuehs.com\/index.php\/wp-json\/wp\/v2\/tags?post=551"}],"curies":[{"name":"wp","href":"https:\/\/api.w.org\/{rel}","templated":true}]}}