{"id":730,"date":"2020-03-25T15:42:57","date_gmt":"2020-03-25T14:42:57","guid":{"rendered":"http:\/\/www.wilhelmkuehs.com\/?p=730"},"modified":"2020-03-25T15:42:59","modified_gmt":"2020-03-25T14:42:59","slug":"der-tote-in-den-bergen","status":"publish","type":"post","link":"https:\/\/www.wilhelmkuehs.com\/index.php\/2020\/03\/25\/der-tote-in-den-bergen\/","title":{"rendered":"Der Tote in den Bergen"},"content":{"rendered":"\n<p>Heutzutage packen die letzten Sennerinnen und Almhalter noch vor Martini ihre Sachen und treiben das Vieh zu Tal. Sie \u00fcberlassen die H\u00fctten und St\u00e4lle den Kasermandln und Wildsendinnen, den D\u00e4monen des Winters und ihrem Geistervieh.  <\/p>\n\n\n\n<p>Fr\u00fcher einmal aber, vor ein bisschen mehr als hundert Jahren, lebten das ganze Jahr \u00fcber Menschen in B\u00fcrstegg auf 1700 Metern, und nur wenn es unbedingt sein musste, ging man den weiten Weg hinunter nach Lech. Im Winter, wenn sich der Schnee meterhoch t\u00fcrmte, war das nat\u00fcrlich unm\u00f6glich. Da konnten die Menschen manchmal nicht einmal vor die T\u00fcr, ja es kam vor, dass er Schnee so hoch lag, dass die Bauersleute durch den Kamin hinaufkriechen mussten, wenn sie die Sonne sehen wollten.  <\/p>\n\n\n\n<p>\nIn B\u00fcrstegg wusste man, wie man sich auf dem Winter vorbereitet. Das\nGetreide war eingelagert, die Speckseiten hingen in der Speis, und\nselbst f\u00fcr die Toten sorgte man vor. Der Seppelbauer hatte schon im\nAugust so eine Ahnung, deshalb legte er sich einen Stapel Bretter\nzurecht. Sobald der erste Schnee fiel, wollte er einen Sarg zimmern.\nIrgendetwas sagte ihm, sie w\u00fcrden in diesem Winter einen brauchen.\nUnd da er schon dabei war und ihm das Zinken und Hobeln Freude\nmachte, baute er gleich noch einen zweiten Sarg. \n<\/p>\n\n\n\n<p>\nSeine Frau fand das praktisch. Sie wusste nicht, wohin mit den\nD\u00f6rrzwetschken, und in so einem Sarg war jede Menge Platz. So\nstanden die S\u00e4rge auf dem Dachboden, der eine leer und der andere\nbis oben gef\u00fcllt mit D\u00f6rrzwetschken. \n<\/p>\n\n\n\n<p>\nDas Gef\u00fchl hatte den Seppelbauer nicht get\u00e4uscht. Der Hannesle\nstarb in der Dreik\u00f6nigsnacht. Der alte Knecht schlief ein und wachte\nnicht mehr auf. Starr lag er am n\u00e4chsten Morgen auf seinem\nStrohsack. \n<\/p>\n\n\n\n<p>\n\u201eIst Zeit gewesen\u201c, sagte der Seppelbauer, als er dem Hannesle\ndie Augen zudr\u00fcckte. Seit er sich erinnern konnte war der Hannesle\nam Hof gewesen. Lange Zeit als Kuhhirt und K\u00e4ser, und als er dann\n\u00e4lter und immer schw\u00e4cher wurde, k\u00fcmmerte er sich um die Kinder\nund trug manchmal noch das Holz f\u00fcr den Herd Scheit f\u00fcr Scheit in\ndie K\u00fcche. In letzter Zeit aber, da hatte er es kaum von seinem\nStrohsack zum K\u00fcchentisch geschafft, und gegessen hatte er auch nur\nmehr ganz wenig. So war er von Tag zu Tag weniger geworden und\nleiser, und nun war er tot. \n<\/p>\n\n\n\n<p>\nGemeinsam trugen der Bauer und sein Moarknecht\ndie Leiche auf den Dachboden, betteten sie in den Sarg und nagelten\nden Deckel zu. Bis sie den Hannesle nach Lech hinunterbringen und ihm\nein ordentliches Begr\u00e4bnis geben konnten, dauerte es sicher noch ein\npaar Wochen. \n<\/p>\n\n\n\n<p>\nDer J\u00e4nner verging, und um Maria Lichtmess h\u00f6rten die Winterst\u00fcrme\nauf, und der Schnee gl\u00e4nzte in der Sonne. Der Seppelbauer sog die\neisige Luft ein. In den n\u00e4chsten Tagen w\u00fcrde es nicht mehr\nschneien. Wenn sie das sch\u00f6ne Wetter nutzten, konnten sie mit dem\nHannesle ins Tal fahren und  w\u00fcrden auch beim Aufstieg nicht in\nSchwierigkeiten kommen. \n<\/p>\n\n\n\n<p>\nDer Moarknecht holte zwei lange Stangen aus der Werkstatt und band\nsie an die Seiten des Sarges. Der Bauer nahm das vordere Ende und der\nMoarknecht das hintere, und so stampften sie mit dem Sarg los. \n<\/p>\n\n\n\n<p>\nDie B\u00e4uerin stand noch eine Weile vor dem Haus und sah den beiden\nnach, wie sie den Sarg wie eine S\u00e4nfte\nzwischen sich trugen. Bis Lech brauchten sie ein paar Stunden, und es\nw\u00fcrde wohl bis in die Nacht dauern, bis die beiden wieder zur\u00fcck\nwaren. Dann sollten sie etwas Warmes und Kr\u00e4ftiges zu essen\nbekommen. Als Nachspeise, dachte sie, w\u00fcrde sie ihnen einen Kuchen\nmit D\u00f6rrzwetschken machen. Ein kleines Festessen zum Andenken an den\nHannesle, das war genau das Richtige. \n<\/p>\n\n\n\n<p>\nDas Selchfleisch k\u00f6chelte bald vor sich hin, und die B\u00e4uerin stieg\nhinauf auf den Dachboden, um ein paar H\u00e4nde voll D\u00f6rrzwetschken zu\nholen. Sie kniete sich vor den Sarg und versuchte, den Deckel zu\n\u00f6ffnen, aber das ging nicht. Da hatte doch der Bauer nicht nur den\nSarg mit dem Hannesle zugenagelt, sondern auch den mit den\nD\u00f6rrzwetschken. Also stieg die B\u00e4uerin wieder hinunter und holte\neine Hacke. Mit der Schneide zw\u00e4ngte sie den Deckel auf, die N\u00e4gel\nquietschten, als sie z\u00e4h aus dem Holz glitten. \n<\/p>\n\n\n\n<p>\nDer Schrei hallte durchs Dorf, und alle kamen gelaufen. Sie fanden\ndie B\u00e4uerin auf dem Dachboden, die H\u00e4nde vor dem Gesicht und die\nAugen vor Schreck geweitet. \n<\/p>\n\n\n\n<p>\n\u201eUm Gottes Willen. Die haben die ganzen D\u00f6rrzwetschken nach Lech\ngebracht\u201c, sagte die B\u00e4uerin und konnte ihren Blick nicht vom\nHannesle losrei\u00dfen, der tot und starr vor ihr im Sarg lag. \n<\/p>\n","protected":false},"excerpt":{"rendered":"<p>Heutzutage packen die letzten Sennerinnen und Almhalter noch vor Martini ihre Sachen und treiben das Vieh zu Tal. Sie \u00fcberlassen die H\u00fctten und St\u00e4lle den Kasermandln und Wildsendinnen, den D\u00e4monen [&hellip;]<\/p>\n","protected":false},"author":1,"featured_media":0,"comment_status":"open","ping_status":"open","sticky":false,"template":"","format":"standard","meta":{"_custom_body_class":"","_custom_post_class":"","footnotes":""},"categories":[1],"tags":[],"class_list":["post-730","post","type-post","status-publish","format-standard","hentry","category-allgemein"],"yoast_head":"<!-- This site is optimized with the Yoast SEO plugin v27.3 - https:\/\/yoast.com\/product\/yoast-seo-wordpress\/ -->\n<title>Der Tote in den Bergen - Wilhelm Kuehs<\/title>\n<meta name=\"robots\" content=\"index, follow, max-snippet:-1, max-image-preview:large, max-video-preview:-1\" \/>\n<link rel=\"canonical\" href=\"https:\/\/www.wilhelmkuehs.com\/index.php\/2020\/03\/25\/der-tote-in-den-bergen\/\" \/>\n<meta property=\"og:locale\" content=\"de_DE\" \/>\n<meta property=\"og:type\" content=\"article\" \/>\n<meta property=\"og:title\" content=\"Der Tote in den Bergen - Wilhelm Kuehs\" \/>\n<meta property=\"og:description\" content=\"Heutzutage packen die letzten Sennerinnen und Almhalter noch vor Martini ihre Sachen und treiben das Vieh zu Tal. Sie \u00fcberlassen die H\u00fctten und St\u00e4lle den Kasermandln und Wildsendinnen, den D\u00e4monen [&hellip;]\" \/>\n<meta property=\"og:url\" content=\"https:\/\/www.wilhelmkuehs.com\/index.php\/2020\/03\/25\/der-tote-in-den-bergen\/\" \/>\n<meta property=\"og:site_name\" content=\"Wilhelm Kuehs\" \/>\n<meta property=\"article:publisher\" content=\"https:\/\/www.facebook.com\/Wilhelm.Kuehs\" \/>\n<meta property=\"article:author\" content=\"https:\/\/www.facebook.com\/Wilhelm.Kuehs\" \/>\n<meta property=\"article:published_time\" content=\"2020-03-25T14:42:57+00:00\" \/>\n<meta property=\"article:modified_time\" content=\"2020-03-25T14:42:59+00:00\" \/>\n<meta name=\"author\" content=\"Wilhelm Kuehs\" \/>\n<meta name=\"twitter:card\" content=\"summary_large_image\" \/>\n<meta name=\"twitter:label1\" content=\"Verfasst von\" \/>\n\t<meta name=\"twitter:data1\" content=\"Wilhelm Kuehs\" \/>\n\t<meta name=\"twitter:label2\" content=\"Gesch\u00e4tzte Lesezeit\" \/>\n\t<meta name=\"twitter:data2\" content=\"4\u00a0Minuten\" \/>\n<script type=\"application\/ld+json\" class=\"yoast-schema-graph\">{\"@context\":\"https:\\\/\\\/schema.org\",\"@graph\":[{\"@type\":\"Article\",\"@id\":\"https:\\\/\\\/www.wilhelmkuehs.com\\\/index.php\\\/2020\\\/03\\\/25\\\/der-tote-in-den-bergen\\\/#article\",\"isPartOf\":{\"@id\":\"https:\\\/\\\/www.wilhelmkuehs.com\\\/index.php\\\/2020\\\/03\\\/25\\\/der-tote-in-den-bergen\\\/\"},\"author\":{\"name\":\"Wilhelm Kuehs\",\"@id\":\"https:\\\/\\\/www.wilhelmkuehs.com\\\/#\\\/schema\\\/person\\\/8144eaed5f2340c3b04e457a20259ccd\"},\"headline\":\"Der Tote in den Bergen\",\"datePublished\":\"2020-03-25T14:42:57+00:00\",\"dateModified\":\"2020-03-25T14:42:59+00:00\",\"mainEntityOfPage\":{\"@id\":\"https:\\\/\\\/www.wilhelmkuehs.com\\\/index.php\\\/2020\\\/03\\\/25\\\/der-tote-in-den-bergen\\\/\"},\"wordCount\":798,\"commentCount\":0,\"publisher\":{\"@id\":\"https:\\\/\\\/www.wilhelmkuehs.com\\\/#\\\/schema\\\/person\\\/8144eaed5f2340c3b04e457a20259ccd\"},\"inLanguage\":\"de\",\"potentialAction\":[{\"@type\":\"CommentAction\",\"name\":\"Comment\",\"target\":[\"https:\\\/\\\/www.wilhelmkuehs.com\\\/index.php\\\/2020\\\/03\\\/25\\\/der-tote-in-den-bergen\\\/#respond\"]}]},{\"@type\":\"WebPage\",\"@id\":\"https:\\\/\\\/www.wilhelmkuehs.com\\\/index.php\\\/2020\\\/03\\\/25\\\/der-tote-in-den-bergen\\\/\",\"url\":\"https:\\\/\\\/www.wilhelmkuehs.com\\\/index.php\\\/2020\\\/03\\\/25\\\/der-tote-in-den-bergen\\\/\",\"name\":\"Der Tote in den Bergen - Wilhelm Kuehs\",\"isPartOf\":{\"@id\":\"https:\\\/\\\/www.wilhelmkuehs.com\\\/#website\"},\"datePublished\":\"2020-03-25T14:42:57+00:00\",\"dateModified\":\"2020-03-25T14:42:59+00:00\",\"breadcrumb\":{\"@id\":\"https:\\\/\\\/www.wilhelmkuehs.com\\\/index.php\\\/2020\\\/03\\\/25\\\/der-tote-in-den-bergen\\\/#breadcrumb\"},\"inLanguage\":\"de\",\"potentialAction\":[{\"@type\":\"ReadAction\",\"target\":[\"https:\\\/\\\/www.wilhelmkuehs.com\\\/index.php\\\/2020\\\/03\\\/25\\\/der-tote-in-den-bergen\\\/\"]}]},{\"@type\":\"BreadcrumbList\",\"@id\":\"https:\\\/\\\/www.wilhelmkuehs.com\\\/index.php\\\/2020\\\/03\\\/25\\\/der-tote-in-den-bergen\\\/#breadcrumb\",\"itemListElement\":[{\"@type\":\"ListItem\",\"position\":1,\"name\":\"Home\",\"item\":\"https:\\\/\\\/www.wilhelmkuehs.com\\\/\"},{\"@type\":\"ListItem\",\"position\":2,\"name\":\"Der Tote in den Bergen\"}]},{\"@type\":\"WebSite\",\"@id\":\"https:\\\/\\\/www.wilhelmkuehs.com\\\/#website\",\"url\":\"https:\\\/\\\/www.wilhelmkuehs.com\\\/\",\"name\":\"Wilhelm Kuehs\",\"description\":\"Offizielle Website\",\"publisher\":{\"@id\":\"https:\\\/\\\/www.wilhelmkuehs.com\\\/#\\\/schema\\\/person\\\/8144eaed5f2340c3b04e457a20259ccd\"},\"potentialAction\":[{\"@type\":\"SearchAction\",\"target\":{\"@type\":\"EntryPoint\",\"urlTemplate\":\"https:\\\/\\\/www.wilhelmkuehs.com\\\/?s={search_term_string}\"},\"query-input\":{\"@type\":\"PropertyValueSpecification\",\"valueRequired\":true,\"valueName\":\"search_term_string\"}}],\"inLanguage\":\"de\"},{\"@type\":[\"Person\",\"Organization\"],\"@id\":\"https:\\\/\\\/www.wilhelmkuehs.com\\\/#\\\/schema\\\/person\\\/8144eaed5f2340c3b04e457a20259ccd\",\"name\":\"Wilhelm Kuehs\",\"image\":{\"@type\":\"ImageObject\",\"inLanguage\":\"de\",\"@id\":\"https:\\\/\\\/www.wilhelmkuehs.com\\\/wp-content\\\/uploads\\\/2017\\\/08\\\/presse01.jpg\",\"url\":\"https:\\\/\\\/www.wilhelmkuehs.com\\\/wp-content\\\/uploads\\\/2017\\\/08\\\/presse01.jpg\",\"contentUrl\":\"https:\\\/\\\/www.wilhelmkuehs.com\\\/wp-content\\\/uploads\\\/2017\\\/08\\\/presse01.jpg\",\"width\":2048,\"height\":1536,\"caption\":\"Wilhelm Kuehs\"},\"logo\":{\"@id\":\"https:\\\/\\\/www.wilhelmkuehs.com\\\/wp-content\\\/uploads\\\/2017\\\/08\\\/presse01.jpg\"},\"sameAs\":[\"https:\\\/\\\/www.facebook.com\\\/Wilhelm.Kuehs\",\"https:\\\/\\\/de.wikipedia.org\\\/wiki\\\/Wilhelm_Kuehs\"]}]}<\/script>\n<!-- \/ Yoast SEO plugin. -->","yoast_head_json":{"title":"Der Tote in den Bergen - Wilhelm Kuehs","robots":{"index":"index","follow":"follow","max-snippet":"max-snippet:-1","max-image-preview":"max-image-preview:large","max-video-preview":"max-video-preview:-1"},"canonical":"https:\/\/www.wilhelmkuehs.com\/index.php\/2020\/03\/25\/der-tote-in-den-bergen\/","og_locale":"de_DE","og_type":"article","og_title":"Der Tote in den Bergen - Wilhelm Kuehs","og_description":"Heutzutage packen die letzten Sennerinnen und Almhalter noch vor Martini ihre Sachen und treiben das Vieh zu Tal. Sie \u00fcberlassen die H\u00fctten und St\u00e4lle den Kasermandln und Wildsendinnen, den D\u00e4monen [&hellip;]","og_url":"https:\/\/www.wilhelmkuehs.com\/index.php\/2020\/03\/25\/der-tote-in-den-bergen\/","og_site_name":"Wilhelm Kuehs","article_publisher":"https:\/\/www.facebook.com\/Wilhelm.Kuehs","article_author":"https:\/\/www.facebook.com\/Wilhelm.Kuehs","article_published_time":"2020-03-25T14:42:57+00:00","article_modified_time":"2020-03-25T14:42:59+00:00","author":"Wilhelm Kuehs","twitter_card":"summary_large_image","twitter_misc":{"Verfasst von":"Wilhelm Kuehs","Gesch\u00e4tzte Lesezeit":"4\u00a0Minuten"},"schema":{"@context":"https:\/\/schema.org","@graph":[{"@type":"Article","@id":"https:\/\/www.wilhelmkuehs.com\/index.php\/2020\/03\/25\/der-tote-in-den-bergen\/#article","isPartOf":{"@id":"https:\/\/www.wilhelmkuehs.com\/index.php\/2020\/03\/25\/der-tote-in-den-bergen\/"},"author":{"name":"Wilhelm Kuehs","@id":"https:\/\/www.wilhelmkuehs.com\/#\/schema\/person\/8144eaed5f2340c3b04e457a20259ccd"},"headline":"Der Tote in den Bergen","datePublished":"2020-03-25T14:42:57+00:00","dateModified":"2020-03-25T14:42:59+00:00","mainEntityOfPage":{"@id":"https:\/\/www.wilhelmkuehs.com\/index.php\/2020\/03\/25\/der-tote-in-den-bergen\/"},"wordCount":798,"commentCount":0,"publisher":{"@id":"https:\/\/www.wilhelmkuehs.com\/#\/schema\/person\/8144eaed5f2340c3b04e457a20259ccd"},"inLanguage":"de","potentialAction":[{"@type":"CommentAction","name":"Comment","target":["https:\/\/www.wilhelmkuehs.com\/index.php\/2020\/03\/25\/der-tote-in-den-bergen\/#respond"]}]},{"@type":"WebPage","@id":"https:\/\/www.wilhelmkuehs.com\/index.php\/2020\/03\/25\/der-tote-in-den-bergen\/","url":"https:\/\/www.wilhelmkuehs.com\/index.php\/2020\/03\/25\/der-tote-in-den-bergen\/","name":"Der Tote in den Bergen - Wilhelm Kuehs","isPartOf":{"@id":"https:\/\/www.wilhelmkuehs.com\/#website"},"datePublished":"2020-03-25T14:42:57+00:00","dateModified":"2020-03-25T14:42:59+00:00","breadcrumb":{"@id":"https:\/\/www.wilhelmkuehs.com\/index.php\/2020\/03\/25\/der-tote-in-den-bergen\/#breadcrumb"},"inLanguage":"de","potentialAction":[{"@type":"ReadAction","target":["https:\/\/www.wilhelmkuehs.com\/index.php\/2020\/03\/25\/der-tote-in-den-bergen\/"]}]},{"@type":"BreadcrumbList","@id":"https:\/\/www.wilhelmkuehs.com\/index.php\/2020\/03\/25\/der-tote-in-den-bergen\/#breadcrumb","itemListElement":[{"@type":"ListItem","position":1,"name":"Home","item":"https:\/\/www.wilhelmkuehs.com\/"},{"@type":"ListItem","position":2,"name":"Der Tote in den Bergen"}]},{"@type":"WebSite","@id":"https:\/\/www.wilhelmkuehs.com\/#website","url":"https:\/\/www.wilhelmkuehs.com\/","name":"Wilhelm Kuehs","description":"Offizielle Website","publisher":{"@id":"https:\/\/www.wilhelmkuehs.com\/#\/schema\/person\/8144eaed5f2340c3b04e457a20259ccd"},"potentialAction":[{"@type":"SearchAction","target":{"@type":"EntryPoint","urlTemplate":"https:\/\/www.wilhelmkuehs.com\/?s={search_term_string}"},"query-input":{"@type":"PropertyValueSpecification","valueRequired":true,"valueName":"search_term_string"}}],"inLanguage":"de"},{"@type":["Person","Organization"],"@id":"https:\/\/www.wilhelmkuehs.com\/#\/schema\/person\/8144eaed5f2340c3b04e457a20259ccd","name":"Wilhelm Kuehs","image":{"@type":"ImageObject","inLanguage":"de","@id":"https:\/\/www.wilhelmkuehs.com\/wp-content\/uploads\/2017\/08\/presse01.jpg","url":"https:\/\/www.wilhelmkuehs.com\/wp-content\/uploads\/2017\/08\/presse01.jpg","contentUrl":"https:\/\/www.wilhelmkuehs.com\/wp-content\/uploads\/2017\/08\/presse01.jpg","width":2048,"height":1536,"caption":"Wilhelm Kuehs"},"logo":{"@id":"https:\/\/www.wilhelmkuehs.com\/wp-content\/uploads\/2017\/08\/presse01.jpg"},"sameAs":["https:\/\/www.facebook.com\/Wilhelm.Kuehs","https:\/\/de.wikipedia.org\/wiki\/Wilhelm_Kuehs"]}]}},"_links":{"self":[{"href":"https:\/\/www.wilhelmkuehs.com\/index.php\/wp-json\/wp\/v2\/posts\/730","targetHints":{"allow":["GET"]}}],"collection":[{"href":"https:\/\/www.wilhelmkuehs.com\/index.php\/wp-json\/wp\/v2\/posts"}],"about":[{"href":"https:\/\/www.wilhelmkuehs.com\/index.php\/wp-json\/wp\/v2\/types\/post"}],"author":[{"embeddable":true,"href":"https:\/\/www.wilhelmkuehs.com\/index.php\/wp-json\/wp\/v2\/users\/1"}],"replies":[{"embeddable":true,"href":"https:\/\/www.wilhelmkuehs.com\/index.php\/wp-json\/wp\/v2\/comments?post=730"}],"version-history":[{"count":1,"href":"https:\/\/www.wilhelmkuehs.com\/index.php\/wp-json\/wp\/v2\/posts\/730\/revisions"}],"predecessor-version":[{"id":731,"href":"https:\/\/www.wilhelmkuehs.com\/index.php\/wp-json\/wp\/v2\/posts\/730\/revisions\/731"}],"wp:attachment":[{"href":"https:\/\/www.wilhelmkuehs.com\/index.php\/wp-json\/wp\/v2\/media?parent=730"}],"wp:term":[{"taxonomy":"category","embeddable":true,"href":"https:\/\/www.wilhelmkuehs.com\/index.php\/wp-json\/wp\/v2\/categories?post=730"},{"taxonomy":"post_tag","embeddable":true,"href":"https:\/\/www.wilhelmkuehs.com\/index.php\/wp-json\/wp\/v2\/tags?post=730"}],"curies":[{"name":"wp","href":"https:\/\/api.w.org\/{rel}","templated":true}]}}