{"id":735,"date":"2020-03-27T12:26:02","date_gmt":"2020-03-27T11:26:02","guid":{"rendered":"http:\/\/www.wilhelmkuehs.com\/?p=735"},"modified":"2020-03-27T12:26:04","modified_gmt":"2020-03-27T11:26:04","slug":"die-blueemlisalp","status":"publish","type":"post","link":"https:\/\/www.wilhelmkuehs.com\/index.php\/2020\/03\/27\/die-blueemlisalp\/","title":{"rendered":"Die Bl\u00fcemlisalp"},"content":{"rendered":"\n<p>Heute\nschimmert oben auf der Bl\u00fcemlisalp das Eis. Meterhoch t\u00fcrmt es sich\nauf den Gipfeln und flie\u00dft bis weit herunter auf die H\u00e4nge. Das war\nnicht immer so. Vor langer Zeit war die Bl\u00fcemlisalp im Berner\nOberland bis hinauf zum Bl\u00fcemlisalphorn\nauf \u00fcber 3.600 Meter \u00fcber dem Meer mit\nAlmen und Wiesen bedeckt. \n<\/p>\n\n\n\n<p>Schon\nim M\u00e4rz trieben die Bauern ihre K\u00fche hinauf auf die Wiesen. Sie\nfeierten ein gro\u00dfes Fest, wenn die Senner mit den Kuhherden auf die\nBl\u00fcemlisalp zogen und die Sennh\u00fctten wieder in Betrieb nahmen. F\u00fcr\ndie Senner und Sennerinnen bedeutete das aber harte Arbeit. Zuerst\nmussten sie die gro\u00dfen Gruben ausputzen, damit sie die Milch\nauffangen konnten. So viel Milch gaben die K\u00fche, dass man Boote\nbrauchte, um den Rahm abzusch\u00f6pfen. Das war auch kein Wunder, hatten\ndie K\u00fche doch Zitzen \u00fcber den ganzen Bauch und mussten viermal am\nTag gemolken werden. Das war eine furchtbare Schinderei, aber es war\nauch eine sehr gut bezahlte Arbeit. Verdiente eine Magd oder ein\nKnecht sonst gerade einmal Unterkunft und Essen, wurden die Senner\nauf der Bl\u00fcemlisalp mit Gold bezahlt. \n<\/p>\n\n\n\n<p>Butter\nund K\u00e4se t\u00fcrmten sich in gro\u00dfen Scheunen, und es gab so viel\ndavon, dass man selbst die Wagenr\u00e4der aus K\u00e4se machte und Treppen\naus Butter baute, man wusste einfach nicht, wohin mit dem ganzen\nEssen. Man h\u00e4tte das Essen verschenken k\u00f6nnen, aber das wollten die\nBauern nicht. Sie lie\u00dfen den K\u00e4se und die Milch lieber verkommen. \n<\/p>\n\n\n\n<p>Die\nFeen im Berner Oberland sahen diesem Treiben lange zu. Sie hatten das\nLand gesegnet, und nur durch ihren Zauber gediehen die K\u00fche so\npr\u00e4chtig und gaben so viel Milch. Die Bauern wussten es ganz genau.\nNur wenn sie von ihrem \u00dcberfluss und ihrem Reichtum etwas an die\nArmen weitergaben, w\u00fcrde der Segen anhalten. \n<\/p>\n\n\n\n<p>Vielleicht,\nso dachten die Feen, ist das in den letzten Jahren in Vergessenheit\ngeraten, und wir m\u00fcssen die Menschen wieder daran erinnern. So\nwarteten die Feen bis in den Herbst, bis zum gro\u00dfen Erntedankfest.\nDas schien ihnen der richtige Zeitpunkt. \n<\/p>\n\n\n\n<p>Die\nSenner rollten gro\u00dfe K\u00e4se ins Freie und t\u00fcrmten sie auf. Die\nSennerinnen und M\u00e4gde formten gro\u00dfe Butterkugeln und schichteten\nsie zu Pyramiden. Dann stellten sie die Kegel auf, und das Spiel\nkonnte beginnen. Der reichste Bauer nahm die erste Butterkugel und\nwarf sie \u00fcber die Bahn. Alle neun K\u00e4sekegel fielen. Schon stand der\nn\u00e4chste bereit und schickte die n\u00e4chste Kugel \u00fcber die Bahn. Jedes\nMal, wenn eine Kugel alle Neune traf, spielte die Kapelle einen\nTusch. \n<\/p>\n\n\n\n<p>Vom\nEiger und von der Jungfrau aus beobachteten die Feen das\nTreiben auf der Bl\u00fcemlisalp, und es gefiel ihnen gar nicht. An der\nButter, die hier verschwendet wurde, h\u00e4tte eine ganze Stadt mehr als\nein Jahr genug gehabt. Am Ende des Festes w\u00fcrden die Senner den\nMilchsee einfach auslassen. Tausende Liter Milch w\u00fcrden im Almboden\nversickern. \n<\/p>\n\n\n\n<p>Mit\neinem Mal standen die Feen unter den Menschen. Eine von ihnen\ntrug ein Kind auf dem Arm, und als das Kind das Kegelspiel sah,\nwollte es n\u00e4her heran. So dr\u00e4ngte sich die Fee mit dem Kind ein\nwenig nach vor. \n<\/p>\n\n\n\n<p>Da\nging es hoch her. Eine Kugel nach der anderen\nflog \u00fcber die Bahn, und es gab Gel\u00e4chter, wenn  eine\nButterkugel ihr Ziel verfehlte, und Jubel, wenn sie traf.\nEiner der Bauern hatte da besonderes Pech. Er spielte schon seit\nStunden, und er verlor. Jeder Schub ging daneben, und sein Geld\nschwand langsam aber sicher dahin. \n<\/p>\n\n\n\n<p>Die\nWut packte ihn. Es konnte doch nicht sein, dass gerade er solches\nPech hatte. Diese verdammten Butterkugeln. Sicher waren die daran\nschuld. Zornig drehte er sich um und sah in die Runde. \n<\/p>\n\n\n\n<p>\u201eWenn\neine Butterkugel mir kein Gl\u00fcck bringt, dann versuche ich es einmal\nmit einer beinernen\u201c,  sagte er und riss der Fee das Kind aus der\nHand. Schneller als jemand schauen konnte, schlug er dem Kind den\nKopf ab und warf damit nach den Kegeln. \n<\/p>\n\n\n\n<p>Die\nFeen standen wie erstarrt. Als sie das tote Kind am Boden liegen\nsahen, kannte ihre Wut keine Grenzen. Ihre Schreie gellten \u00fcber die\nBerge, und wer sie h\u00f6rte, erstarrte zu Stein. Keiner entkam. Die\nBauern, die M\u00e4gde und die Senner st\u00fcrzten zu Boden, kr\u00fcmmten sich,\nund aus ihren Herzen wuchs der Fels, der sie bald durchdrang\nund f\u00fcr immer auf die Almen bannte. \n<\/p>\n\n\n\n<p>Ein\nEissturm zog auf und trieb d\u00fcstere Wolken vor sich her. Schneeregen\nsetzte ein, und mit einem Schlag fiel der Frost \u00fcber die Berge her.\nEin Orkan \u00fcberzog die Wiesen mit Eis. Schnee fiel tage- und\nwochenlang, bis alles unter dem Gletscher verschwunden war. Kein Haus\nund kein Weg blieb verschont. \n<\/p>\n\n\n\n<p>So\nwurde aus der bl\u00fchenden Alm eine Eisw\u00fcste, ein Gletscher, der nun\nseit mehr als f\u00fcnfhundert Jahren die Gipfel bedeckt. Aber es\nscheint, als w\u00fcrde der Zorn der Feen allm\u00e4hlich nachlassen, denn\ndas Eis schmilzt. Die riesigen Gletscher auf der Bl\u00fcemlisalp, der\nJungfrau und dem Eiger ziehen sich zur\u00fcck. Reichten sie vor hundert\nJahren noch fast bis ins Tal, so muss man heute weit hinaufsteigen,\num das Eis zu finden. Um bis zu zwei\nKilometer sind die Gletscher geschrumpft und geben nach und nach die\nAlmen wieder frei. \n<\/p>\n\n\n\n<p>Freilich\nsind es Steinw\u00fcsten, Bergt\u00e4ler und H\u00e4nge, glattgeschliffen vom\nEis. Doch in wenigen Jahren k\u00f6nnten hier schon die ersten Gr\u00e4ser\nwachsen, und wenn das Eis lange genug wegbleibt, dann werden hier\nauch wieder Almen entstehen. \n<\/p>\n\n\n\n<p>Vielleicht\nist der Zorn der Feen aber gar nicht abgeklungen. Vielleicht ist das\nSchmelzen der Gletscher nur eine neue Strafe. \n<\/p>\n","protected":false},"excerpt":{"rendered":"<p>Heute schimmert oben auf der Bl\u00fcemlisalp das Eis. Meterhoch t\u00fcrmt es sich auf den Gipfeln und flie\u00dft bis weit herunter auf die H\u00e4nge. Das war nicht immer so. Vor langer [&hellip;]<\/p>\n","protected":false},"author":1,"featured_media":0,"comment_status":"open","ping_status":"open","sticky":false,"template":"","format":"standard","meta":{"_custom_body_class":"","_custom_post_class":"","footnotes":""},"categories":[1],"tags":[],"class_list":["post-735","post","type-post","status-publish","format-standard","hentry","category-allgemein"],"yoast_head":"<!-- This site is optimized with the Yoast SEO plugin v27.3 - https:\/\/yoast.com\/product\/yoast-seo-wordpress\/ -->\n<title>Die Bl\u00fcemlisalp - Wilhelm Kuehs<\/title>\n<meta name=\"robots\" content=\"index, follow, max-snippet:-1, max-image-preview:large, max-video-preview:-1\" \/>\n<link rel=\"canonical\" href=\"https:\/\/www.wilhelmkuehs.com\/index.php\/2020\/03\/27\/die-blueemlisalp\/\" \/>\n<meta property=\"og:locale\" content=\"de_DE\" \/>\n<meta property=\"og:type\" content=\"article\" \/>\n<meta property=\"og:title\" content=\"Die Bl\u00fcemlisalp - Wilhelm Kuehs\" \/>\n<meta property=\"og:description\" content=\"Heute schimmert oben auf der Bl\u00fcemlisalp das Eis. Meterhoch t\u00fcrmt es sich auf den Gipfeln und flie\u00dft bis weit herunter auf die H\u00e4nge. Das war nicht immer so. Vor langer [&hellip;]\" \/>\n<meta property=\"og:url\" content=\"https:\/\/www.wilhelmkuehs.com\/index.php\/2020\/03\/27\/die-blueemlisalp\/\" \/>\n<meta property=\"og:site_name\" content=\"Wilhelm Kuehs\" \/>\n<meta property=\"article:publisher\" content=\"https:\/\/www.facebook.com\/Wilhelm.Kuehs\" \/>\n<meta property=\"article:author\" content=\"https:\/\/www.facebook.com\/Wilhelm.Kuehs\" \/>\n<meta property=\"article:published_time\" content=\"2020-03-27T11:26:02+00:00\" \/>\n<meta property=\"article:modified_time\" content=\"2020-03-27T11:26:04+00:00\" \/>\n<meta name=\"author\" content=\"Wilhelm Kuehs\" \/>\n<meta name=\"twitter:card\" content=\"summary_large_image\" \/>\n<meta name=\"twitter:label1\" content=\"Verfasst von\" \/>\n\t<meta name=\"twitter:data1\" content=\"Wilhelm Kuehs\" \/>\n\t<meta name=\"twitter:label2\" content=\"Gesch\u00e4tzte Lesezeit\" \/>\n\t<meta name=\"twitter:data2\" content=\"5\u00a0Minuten\" \/>\n<script type=\"application\/ld+json\" class=\"yoast-schema-graph\">{\"@context\":\"https:\\\/\\\/schema.org\",\"@graph\":[{\"@type\":\"Article\",\"@id\":\"https:\\\/\\\/www.wilhelmkuehs.com\\\/index.php\\\/2020\\\/03\\\/27\\\/die-blueemlisalp\\\/#article\",\"isPartOf\":{\"@id\":\"https:\\\/\\\/www.wilhelmkuehs.com\\\/index.php\\\/2020\\\/03\\\/27\\\/die-blueemlisalp\\\/\"},\"author\":{\"name\":\"Wilhelm Kuehs\",\"@id\":\"https:\\\/\\\/www.wilhelmkuehs.com\\\/#\\\/schema\\\/person\\\/8144eaed5f2340c3b04e457a20259ccd\"},\"headline\":\"Die Bl\u00fcemlisalp\",\"datePublished\":\"2020-03-27T11:26:02+00:00\",\"dateModified\":\"2020-03-27T11:26:04+00:00\",\"mainEntityOfPage\":{\"@id\":\"https:\\\/\\\/www.wilhelmkuehs.com\\\/index.php\\\/2020\\\/03\\\/27\\\/die-blueemlisalp\\\/\"},\"wordCount\":963,\"commentCount\":0,\"publisher\":{\"@id\":\"https:\\\/\\\/www.wilhelmkuehs.com\\\/#\\\/schema\\\/person\\\/8144eaed5f2340c3b04e457a20259ccd\"},\"inLanguage\":\"de\",\"potentialAction\":[{\"@type\":\"CommentAction\",\"name\":\"Comment\",\"target\":[\"https:\\\/\\\/www.wilhelmkuehs.com\\\/index.php\\\/2020\\\/03\\\/27\\\/die-blueemlisalp\\\/#respond\"]}]},{\"@type\":\"WebPage\",\"@id\":\"https:\\\/\\\/www.wilhelmkuehs.com\\\/index.php\\\/2020\\\/03\\\/27\\\/die-blueemlisalp\\\/\",\"url\":\"https:\\\/\\\/www.wilhelmkuehs.com\\\/index.php\\\/2020\\\/03\\\/27\\\/die-blueemlisalp\\\/\",\"name\":\"Die Bl\u00fcemlisalp - Wilhelm Kuehs\",\"isPartOf\":{\"@id\":\"https:\\\/\\\/www.wilhelmkuehs.com\\\/#website\"},\"datePublished\":\"2020-03-27T11:26:02+00:00\",\"dateModified\":\"2020-03-27T11:26:04+00:00\",\"breadcrumb\":{\"@id\":\"https:\\\/\\\/www.wilhelmkuehs.com\\\/index.php\\\/2020\\\/03\\\/27\\\/die-blueemlisalp\\\/#breadcrumb\"},\"inLanguage\":\"de\",\"potentialAction\":[{\"@type\":\"ReadAction\",\"target\":[\"https:\\\/\\\/www.wilhelmkuehs.com\\\/index.php\\\/2020\\\/03\\\/27\\\/die-blueemlisalp\\\/\"]}]},{\"@type\":\"BreadcrumbList\",\"@id\":\"https:\\\/\\\/www.wilhelmkuehs.com\\\/index.php\\\/2020\\\/03\\\/27\\\/die-blueemlisalp\\\/#breadcrumb\",\"itemListElement\":[{\"@type\":\"ListItem\",\"position\":1,\"name\":\"Home\",\"item\":\"https:\\\/\\\/www.wilhelmkuehs.com\\\/\"},{\"@type\":\"ListItem\",\"position\":2,\"name\":\"Die Bl\u00fcemlisalp\"}]},{\"@type\":\"WebSite\",\"@id\":\"https:\\\/\\\/www.wilhelmkuehs.com\\\/#website\",\"url\":\"https:\\\/\\\/www.wilhelmkuehs.com\\\/\",\"name\":\"Wilhelm Kuehs\",\"description\":\"Offizielle Website\",\"publisher\":{\"@id\":\"https:\\\/\\\/www.wilhelmkuehs.com\\\/#\\\/schema\\\/person\\\/8144eaed5f2340c3b04e457a20259ccd\"},\"potentialAction\":[{\"@type\":\"SearchAction\",\"target\":{\"@type\":\"EntryPoint\",\"urlTemplate\":\"https:\\\/\\\/www.wilhelmkuehs.com\\\/?s={search_term_string}\"},\"query-input\":{\"@type\":\"PropertyValueSpecification\",\"valueRequired\":true,\"valueName\":\"search_term_string\"}}],\"inLanguage\":\"de\"},{\"@type\":[\"Person\",\"Organization\"],\"@id\":\"https:\\\/\\\/www.wilhelmkuehs.com\\\/#\\\/schema\\\/person\\\/8144eaed5f2340c3b04e457a20259ccd\",\"name\":\"Wilhelm Kuehs\",\"image\":{\"@type\":\"ImageObject\",\"inLanguage\":\"de\",\"@id\":\"https:\\\/\\\/www.wilhelmkuehs.com\\\/wp-content\\\/uploads\\\/2017\\\/08\\\/presse01.jpg\",\"url\":\"https:\\\/\\\/www.wilhelmkuehs.com\\\/wp-content\\\/uploads\\\/2017\\\/08\\\/presse01.jpg\",\"contentUrl\":\"https:\\\/\\\/www.wilhelmkuehs.com\\\/wp-content\\\/uploads\\\/2017\\\/08\\\/presse01.jpg\",\"width\":2048,\"height\":1536,\"caption\":\"Wilhelm Kuehs\"},\"logo\":{\"@id\":\"https:\\\/\\\/www.wilhelmkuehs.com\\\/wp-content\\\/uploads\\\/2017\\\/08\\\/presse01.jpg\"},\"sameAs\":[\"https:\\\/\\\/www.facebook.com\\\/Wilhelm.Kuehs\",\"https:\\\/\\\/de.wikipedia.org\\\/wiki\\\/Wilhelm_Kuehs\"]}]}<\/script>\n<!-- \/ Yoast SEO plugin. -->","yoast_head_json":{"title":"Die Bl\u00fcemlisalp - Wilhelm Kuehs","robots":{"index":"index","follow":"follow","max-snippet":"max-snippet:-1","max-image-preview":"max-image-preview:large","max-video-preview":"max-video-preview:-1"},"canonical":"https:\/\/www.wilhelmkuehs.com\/index.php\/2020\/03\/27\/die-blueemlisalp\/","og_locale":"de_DE","og_type":"article","og_title":"Die Bl\u00fcemlisalp - Wilhelm Kuehs","og_description":"Heute schimmert oben auf der Bl\u00fcemlisalp das Eis. Meterhoch t\u00fcrmt es sich auf den Gipfeln und flie\u00dft bis weit herunter auf die H\u00e4nge. Das war nicht immer so. Vor langer [&hellip;]","og_url":"https:\/\/www.wilhelmkuehs.com\/index.php\/2020\/03\/27\/die-blueemlisalp\/","og_site_name":"Wilhelm Kuehs","article_publisher":"https:\/\/www.facebook.com\/Wilhelm.Kuehs","article_author":"https:\/\/www.facebook.com\/Wilhelm.Kuehs","article_published_time":"2020-03-27T11:26:02+00:00","article_modified_time":"2020-03-27T11:26:04+00:00","author":"Wilhelm Kuehs","twitter_card":"summary_large_image","twitter_misc":{"Verfasst von":"Wilhelm Kuehs","Gesch\u00e4tzte Lesezeit":"5\u00a0Minuten"},"schema":{"@context":"https:\/\/schema.org","@graph":[{"@type":"Article","@id":"https:\/\/www.wilhelmkuehs.com\/index.php\/2020\/03\/27\/die-blueemlisalp\/#article","isPartOf":{"@id":"https:\/\/www.wilhelmkuehs.com\/index.php\/2020\/03\/27\/die-blueemlisalp\/"},"author":{"name":"Wilhelm Kuehs","@id":"https:\/\/www.wilhelmkuehs.com\/#\/schema\/person\/8144eaed5f2340c3b04e457a20259ccd"},"headline":"Die Bl\u00fcemlisalp","datePublished":"2020-03-27T11:26:02+00:00","dateModified":"2020-03-27T11:26:04+00:00","mainEntityOfPage":{"@id":"https:\/\/www.wilhelmkuehs.com\/index.php\/2020\/03\/27\/die-blueemlisalp\/"},"wordCount":963,"commentCount":0,"publisher":{"@id":"https:\/\/www.wilhelmkuehs.com\/#\/schema\/person\/8144eaed5f2340c3b04e457a20259ccd"},"inLanguage":"de","potentialAction":[{"@type":"CommentAction","name":"Comment","target":["https:\/\/www.wilhelmkuehs.com\/index.php\/2020\/03\/27\/die-blueemlisalp\/#respond"]}]},{"@type":"WebPage","@id":"https:\/\/www.wilhelmkuehs.com\/index.php\/2020\/03\/27\/die-blueemlisalp\/","url":"https:\/\/www.wilhelmkuehs.com\/index.php\/2020\/03\/27\/die-blueemlisalp\/","name":"Die Bl\u00fcemlisalp - Wilhelm Kuehs","isPartOf":{"@id":"https:\/\/www.wilhelmkuehs.com\/#website"},"datePublished":"2020-03-27T11:26:02+00:00","dateModified":"2020-03-27T11:26:04+00:00","breadcrumb":{"@id":"https:\/\/www.wilhelmkuehs.com\/index.php\/2020\/03\/27\/die-blueemlisalp\/#breadcrumb"},"inLanguage":"de","potentialAction":[{"@type":"ReadAction","target":["https:\/\/www.wilhelmkuehs.com\/index.php\/2020\/03\/27\/die-blueemlisalp\/"]}]},{"@type":"BreadcrumbList","@id":"https:\/\/www.wilhelmkuehs.com\/index.php\/2020\/03\/27\/die-blueemlisalp\/#breadcrumb","itemListElement":[{"@type":"ListItem","position":1,"name":"Home","item":"https:\/\/www.wilhelmkuehs.com\/"},{"@type":"ListItem","position":2,"name":"Die Bl\u00fcemlisalp"}]},{"@type":"WebSite","@id":"https:\/\/www.wilhelmkuehs.com\/#website","url":"https:\/\/www.wilhelmkuehs.com\/","name":"Wilhelm Kuehs","description":"Offizielle Website","publisher":{"@id":"https:\/\/www.wilhelmkuehs.com\/#\/schema\/person\/8144eaed5f2340c3b04e457a20259ccd"},"potentialAction":[{"@type":"SearchAction","target":{"@type":"EntryPoint","urlTemplate":"https:\/\/www.wilhelmkuehs.com\/?s={search_term_string}"},"query-input":{"@type":"PropertyValueSpecification","valueRequired":true,"valueName":"search_term_string"}}],"inLanguage":"de"},{"@type":["Person","Organization"],"@id":"https:\/\/www.wilhelmkuehs.com\/#\/schema\/person\/8144eaed5f2340c3b04e457a20259ccd","name":"Wilhelm Kuehs","image":{"@type":"ImageObject","inLanguage":"de","@id":"https:\/\/www.wilhelmkuehs.com\/wp-content\/uploads\/2017\/08\/presse01.jpg","url":"https:\/\/www.wilhelmkuehs.com\/wp-content\/uploads\/2017\/08\/presse01.jpg","contentUrl":"https:\/\/www.wilhelmkuehs.com\/wp-content\/uploads\/2017\/08\/presse01.jpg","width":2048,"height":1536,"caption":"Wilhelm Kuehs"},"logo":{"@id":"https:\/\/www.wilhelmkuehs.com\/wp-content\/uploads\/2017\/08\/presse01.jpg"},"sameAs":["https:\/\/www.facebook.com\/Wilhelm.Kuehs","https:\/\/de.wikipedia.org\/wiki\/Wilhelm_Kuehs"]}]}},"_links":{"self":[{"href":"https:\/\/www.wilhelmkuehs.com\/index.php\/wp-json\/wp\/v2\/posts\/735","targetHints":{"allow":["GET"]}}],"collection":[{"href":"https:\/\/www.wilhelmkuehs.com\/index.php\/wp-json\/wp\/v2\/posts"}],"about":[{"href":"https:\/\/www.wilhelmkuehs.com\/index.php\/wp-json\/wp\/v2\/types\/post"}],"author":[{"embeddable":true,"href":"https:\/\/www.wilhelmkuehs.com\/index.php\/wp-json\/wp\/v2\/users\/1"}],"replies":[{"embeddable":true,"href":"https:\/\/www.wilhelmkuehs.com\/index.php\/wp-json\/wp\/v2\/comments?post=735"}],"version-history":[{"count":1,"href":"https:\/\/www.wilhelmkuehs.com\/index.php\/wp-json\/wp\/v2\/posts\/735\/revisions"}],"predecessor-version":[{"id":736,"href":"https:\/\/www.wilhelmkuehs.com\/index.php\/wp-json\/wp\/v2\/posts\/735\/revisions\/736"}],"wp:attachment":[{"href":"https:\/\/www.wilhelmkuehs.com\/index.php\/wp-json\/wp\/v2\/media?parent=735"}],"wp:term":[{"taxonomy":"category","embeddable":true,"href":"https:\/\/www.wilhelmkuehs.com\/index.php\/wp-json\/wp\/v2\/categories?post=735"},{"taxonomy":"post_tag","embeddable":true,"href":"https:\/\/www.wilhelmkuehs.com\/index.php\/wp-json\/wp\/v2\/tags?post=735"}],"curies":[{"name":"wp","href":"https:\/\/api.w.org\/{rel}","templated":true}]}}