{"id":95,"date":"2017-06-02T00:37:14","date_gmt":"2017-06-01T22:37:14","guid":{"rendered":"http:\/\/127.0.0.1\/wordpress\/?p=95"},"modified":"2017-09-29T12:55:49","modified_gmt":"2017-09-29T10:55:49","slug":"sagenwanderung-am-woerthersee","status":"publish","type":"post","link":"https:\/\/www.wilhelmkuehs.com\/index.php\/2017\/06\/02\/sagenwanderung-am-woerthersee\/","title":{"rendered":"Sagenwanderung am W\u00f6rthersee"},"content":{"rendered":"<p><a href=\"http:\/\/2.bp.blogspot.com\/-2hXccoMjBKY\/U2NZFFx07kI\/AAAAAAAAAPc\/sYBErMuBgDg\/s1600\/Maria+W%C3%B6rth_33.JPG\" imageanchor=\"1\" style=\"clear: right; float: right; margin-bottom: 1em; margin-left: 1em;\"><img loading=\"lazy\" decoding=\"async\" border=\"0\" height=\"240\" src=\"http:\/\/2.bp.blogspot.com\/-2hXccoMjBKY\/U2NZFFx07kI\/AAAAAAAAAPc\/sYBErMuBgDg\/s1600\/Maria+W%C3%B6rth_33.JPG\" width=\"320\"><\/a><\/p>\n<p>Von Maria W\u00f6rth bis Reifnitz f\u00fchrt der Weg an vielen Sagenschaupl\u00e4tzen vorbei. Vom Schwarzen Felsen und von Jutta von Reifnitz, von Saligen und Nixen werde ich im Laufe dieser Wanderung erz\u00e4hlen. Wer einen gem\u00fctlichen und anregenden Nachmittag am W\u00f6rthersee verbringen will, ist herzlich eingeladen. <\/p>\n","protected":false},"excerpt":{"rendered":"<p>Von Maria W\u00f6rth bis Reifnitz f\u00fchrt der Weg an vielen Sagenschaupl\u00e4tzen vorbei. Vom Schwarzen Felsen und von Jutta von Reifnitz, von Saligen und Nixen werde ich im Laufe dieser Wanderung [&hellip;]<\/p>\n","protected":false},"author":1,"featured_media":0,"comment_status":"open","ping_status":"open","sticky":false,"template":"","format":"standard","meta":{"_custom_body_class":"","_custom_post_class":"","footnotes":""},"categories":[1],"tags":[],"class_list":["post-95","post","type-post","status-publish","format-standard","hentry","category-allgemein"],"yoast_head":"<!-- This site is optimized with the Yoast SEO plugin v27.3 - https:\/\/yoast.com\/product\/yoast-seo-wordpress\/ -->\n<title>Sagenwanderung am W\u00f6rthersee - Wilhelm Kuehs<\/title>\n<meta name=\"robots\" content=\"index, follow, max-snippet:-1, max-image-preview:large, max-video-preview:-1\" \/>\n<link rel=\"canonical\" href=\"https:\/\/www.wilhelmkuehs.com\/index.php\/2017\/06\/02\/sagenwanderung-am-woerthersee\/\" \/>\n<meta property=\"og:locale\" content=\"de_DE\" \/>\n<meta property=\"og:type\" content=\"article\" \/>\n<meta property=\"og:title\" content=\"Sagenwanderung am W\u00f6rthersee - Wilhelm Kuehs\" \/>\n<meta property=\"og:description\" content=\"Von Maria W\u00f6rth bis Reifnitz f\u00fchrt der Weg an vielen Sagenschaupl\u00e4tzen vorbei. Vom Schwarzen Felsen und von Jutta von Reifnitz, von Saligen und Nixen werde ich im Laufe dieser Wanderung [&hellip;]\" \/>\n<meta property=\"og:url\" content=\"https:\/\/www.wilhelmkuehs.com\/index.php\/2017\/06\/02\/sagenwanderung-am-woerthersee\/\" \/>\n<meta property=\"og:site_name\" content=\"Wilhelm Kuehs\" \/>\n<meta property=\"article:publisher\" content=\"https:\/\/www.facebook.com\/Wilhelm.Kuehs\" \/>\n<meta property=\"article:author\" content=\"https:\/\/www.facebook.com\/Wilhelm.Kuehs\" \/>\n<meta property=\"article:published_time\" content=\"2017-06-01T22:37:14+00:00\" \/>\n<meta property=\"article:modified_time\" content=\"2017-09-29T10:55:49+00:00\" \/>\n<meta property=\"og:image\" content=\"http:\/\/2.bp.blogspot.com\/-2hXccoMjBKY\/U2NZFFx07kI\/AAAAAAAAAPc\/sYBErMuBgDg\/s1600\/Maria+W%C3%B6rth_33.JPG\" \/>\n<meta name=\"author\" content=\"Wilhelm Kuehs\" \/>\n<meta name=\"twitter:card\" content=\"summary_large_image\" \/>\n<meta name=\"twitter:label1\" content=\"Verfasst von\" \/>\n\t<meta name=\"twitter:data1\" content=\"Wilhelm Kuehs\" \/>\n<script type=\"application\/ld+json\" class=\"yoast-schema-graph\">{\"@context\":\"https:\\\/\\\/schema.org\",\"@graph\":[{\"@type\":\"Article\",\"@id\":\"https:\\\/\\\/www.wilhelmkuehs.com\\\/index.php\\\/2017\\\/06\\\/02\\\/sagenwanderung-am-woerthersee\\\/#article\",\"isPartOf\":{\"@id\":\"https:\\\/\\\/www.wilhelmkuehs.com\\\/index.php\\\/2017\\\/06\\\/02\\\/sagenwanderung-am-woerthersee\\\/\"},\"author\":{\"name\":\"Wilhelm Kuehs\",\"@id\":\"https:\\\/\\\/www.wilhelmkuehs.com\\\/#\\\/schema\\\/person\\\/8144eaed5f2340c3b04e457a20259ccd\"},\"headline\":\"Sagenwanderung am W\u00f6rthersee\",\"datePublished\":\"2017-06-01T22:37:14+00:00\",\"dateModified\":\"2017-09-29T10:55:49+00:00\",\"mainEntityOfPage\":{\"@id\":\"https:\\\/\\\/www.wilhelmkuehs.com\\\/index.php\\\/2017\\\/06\\\/02\\\/sagenwanderung-am-woerthersee\\\/\"},\"wordCount\":54,\"commentCount\":0,\"publisher\":{\"@id\":\"https:\\\/\\\/www.wilhelmkuehs.com\\\/#\\\/schema\\\/person\\\/8144eaed5f2340c3b04e457a20259ccd\"},\"image\":{\"@id\":\"https:\\\/\\\/www.wilhelmkuehs.com\\\/index.php\\\/2017\\\/06\\\/02\\\/sagenwanderung-am-woerthersee\\\/#primaryimage\"},\"thumbnailUrl\":\"http:\\\/\\\/2.bp.blogspot.com\\\/-2hXccoMjBKY\\\/U2NZFFx07kI\\\/AAAAAAAAAPc\\\/sYBErMuBgDg\\\/s1600\\\/Maria+W%C3%B6rth_33.JPG\",\"inLanguage\":\"de\",\"potentialAction\":[{\"@type\":\"CommentAction\",\"name\":\"Comment\",\"target\":[\"https:\\\/\\\/www.wilhelmkuehs.com\\\/index.php\\\/2017\\\/06\\\/02\\\/sagenwanderung-am-woerthersee\\\/#respond\"]}]},{\"@type\":\"WebPage\",\"@id\":\"https:\\\/\\\/www.wilhelmkuehs.com\\\/index.php\\\/2017\\\/06\\\/02\\\/sagenwanderung-am-woerthersee\\\/\",\"url\":\"https:\\\/\\\/www.wilhelmkuehs.com\\\/index.php\\\/2017\\\/06\\\/02\\\/sagenwanderung-am-woerthersee\\\/\",\"name\":\"Sagenwanderung am W\u00f6rthersee - Wilhelm Kuehs\",\"isPartOf\":{\"@id\":\"https:\\\/\\\/www.wilhelmkuehs.com\\\/#website\"},\"primaryImageOfPage\":{\"@id\":\"https:\\\/\\\/www.wilhelmkuehs.com\\\/index.php\\\/2017\\\/06\\\/02\\\/sagenwanderung-am-woerthersee\\\/#primaryimage\"},\"image\":{\"@id\":\"https:\\\/\\\/www.wilhelmkuehs.com\\\/index.php\\\/2017\\\/06\\\/02\\\/sagenwanderung-am-woerthersee\\\/#primaryimage\"},\"thumbnailUrl\":\"http:\\\/\\\/2.bp.blogspot.com\\\/-2hXccoMjBKY\\\/U2NZFFx07kI\\\/AAAAAAAAAPc\\\/sYBErMuBgDg\\\/s1600\\\/Maria+W%C3%B6rth_33.JPG\",\"datePublished\":\"2017-06-01T22:37:14+00:00\",\"dateModified\":\"2017-09-29T10:55:49+00:00\",\"breadcrumb\":{\"@id\":\"https:\\\/\\\/www.wilhelmkuehs.com\\\/index.php\\\/2017\\\/06\\\/02\\\/sagenwanderung-am-woerthersee\\\/#breadcrumb\"},\"inLanguage\":\"de\",\"potentialAction\":[{\"@type\":\"ReadAction\",\"target\":[\"https:\\\/\\\/www.wilhelmkuehs.com\\\/index.php\\\/2017\\\/06\\\/02\\\/sagenwanderung-am-woerthersee\\\/\"]}]},{\"@type\":\"ImageObject\",\"inLanguage\":\"de\",\"@id\":\"https:\\\/\\\/www.wilhelmkuehs.com\\\/index.php\\\/2017\\\/06\\\/02\\\/sagenwanderung-am-woerthersee\\\/#primaryimage\",\"url\":\"http:\\\/\\\/2.bp.blogspot.com\\\/-2hXccoMjBKY\\\/U2NZFFx07kI\\\/AAAAAAAAAPc\\\/sYBErMuBgDg\\\/s1600\\\/Maria+W%C3%B6rth_33.JPG\",\"contentUrl\":\"http:\\\/\\\/2.bp.blogspot.com\\\/-2hXccoMjBKY\\\/U2NZFFx07kI\\\/AAAAAAAAAPc\\\/sYBErMuBgDg\\\/s1600\\\/Maria+W%C3%B6rth_33.JPG\"},{\"@type\":\"BreadcrumbList\",\"@id\":\"https:\\\/\\\/www.wilhelmkuehs.com\\\/index.php\\\/2017\\\/06\\\/02\\\/sagenwanderung-am-woerthersee\\\/#breadcrumb\",\"itemListElement\":[{\"@type\":\"ListItem\",\"position\":1,\"name\":\"Home\",\"item\":\"https:\\\/\\\/www.wilhelmkuehs.com\\\/\"},{\"@type\":\"ListItem\",\"position\":2,\"name\":\"Sagenwanderung am W\u00f6rthersee\"}]},{\"@type\":\"WebSite\",\"@id\":\"https:\\\/\\\/www.wilhelmkuehs.com\\\/#website\",\"url\":\"https:\\\/\\\/www.wilhelmkuehs.com\\\/\",\"name\":\"Wilhelm Kuehs\",\"description\":\"Offizielle Website\",\"publisher\":{\"@id\":\"https:\\\/\\\/www.wilhelmkuehs.com\\\/#\\\/schema\\\/person\\\/8144eaed5f2340c3b04e457a20259ccd\"},\"potentialAction\":[{\"@type\":\"SearchAction\",\"target\":{\"@type\":\"EntryPoint\",\"urlTemplate\":\"https:\\\/\\\/www.wilhelmkuehs.com\\\/?s={search_term_string}\"},\"query-input\":{\"@type\":\"PropertyValueSpecification\",\"valueRequired\":true,\"valueName\":\"search_term_string\"}}],\"inLanguage\":\"de\"},{\"@type\":[\"Person\",\"Organization\"],\"@id\":\"https:\\\/\\\/www.wilhelmkuehs.com\\\/#\\\/schema\\\/person\\\/8144eaed5f2340c3b04e457a20259ccd\",\"name\":\"Wilhelm Kuehs\",\"image\":{\"@type\":\"ImageObject\",\"inLanguage\":\"de\",\"@id\":\"https:\\\/\\\/www.wilhelmkuehs.com\\\/wp-content\\\/uploads\\\/2017\\\/08\\\/presse01.jpg\",\"url\":\"https:\\\/\\\/www.wilhelmkuehs.com\\\/wp-content\\\/uploads\\\/2017\\\/08\\\/presse01.jpg\",\"contentUrl\":\"https:\\\/\\\/www.wilhelmkuehs.com\\\/wp-content\\\/uploads\\\/2017\\\/08\\\/presse01.jpg\",\"width\":2048,\"height\":1536,\"caption\":\"Wilhelm Kuehs\"},\"logo\":{\"@id\":\"https:\\\/\\\/www.wilhelmkuehs.com\\\/wp-content\\\/uploads\\\/2017\\\/08\\\/presse01.jpg\"},\"sameAs\":[\"https:\\\/\\\/www.facebook.com\\\/Wilhelm.Kuehs\",\"https:\\\/\\\/de.wikipedia.org\\\/wiki\\\/Wilhelm_Kuehs\"]}]}<\/script>\n<!-- \/ Yoast SEO plugin. -->","yoast_head_json":{"title":"Sagenwanderung am W\u00f6rthersee - Wilhelm Kuehs","robots":{"index":"index","follow":"follow","max-snippet":"max-snippet:-1","max-image-preview":"max-image-preview:large","max-video-preview":"max-video-preview:-1"},"canonical":"https:\/\/www.wilhelmkuehs.com\/index.php\/2017\/06\/02\/sagenwanderung-am-woerthersee\/","og_locale":"de_DE","og_type":"article","og_title":"Sagenwanderung am W\u00f6rthersee - Wilhelm Kuehs","og_description":"Von Maria W\u00f6rth bis Reifnitz f\u00fchrt der Weg an vielen Sagenschaupl\u00e4tzen vorbei. Vom Schwarzen Felsen und von Jutta von Reifnitz, von Saligen und Nixen werde ich im Laufe dieser Wanderung [&hellip;]","og_url":"https:\/\/www.wilhelmkuehs.com\/index.php\/2017\/06\/02\/sagenwanderung-am-woerthersee\/","og_site_name":"Wilhelm Kuehs","article_publisher":"https:\/\/www.facebook.com\/Wilhelm.Kuehs","article_author":"https:\/\/www.facebook.com\/Wilhelm.Kuehs","article_published_time":"2017-06-01T22:37:14+00:00","article_modified_time":"2017-09-29T10:55:49+00:00","og_image":[{"url":"http:\/\/2.bp.blogspot.com\/-2hXccoMjBKY\/U2NZFFx07kI\/AAAAAAAAAPc\/sYBErMuBgDg\/s1600\/Maria+W%C3%B6rth_33.JPG","type":"","width":"","height":""}],"author":"Wilhelm Kuehs","twitter_card":"summary_large_image","twitter_misc":{"Verfasst von":"Wilhelm Kuehs"},"schema":{"@context":"https:\/\/schema.org","@graph":[{"@type":"Article","@id":"https:\/\/www.wilhelmkuehs.com\/index.php\/2017\/06\/02\/sagenwanderung-am-woerthersee\/#article","isPartOf":{"@id":"https:\/\/www.wilhelmkuehs.com\/index.php\/2017\/06\/02\/sagenwanderung-am-woerthersee\/"},"author":{"name":"Wilhelm Kuehs","@id":"https:\/\/www.wilhelmkuehs.com\/#\/schema\/person\/8144eaed5f2340c3b04e457a20259ccd"},"headline":"Sagenwanderung am W\u00f6rthersee","datePublished":"2017-06-01T22:37:14+00:00","dateModified":"2017-09-29T10:55:49+00:00","mainEntityOfPage":{"@id":"https:\/\/www.wilhelmkuehs.com\/index.php\/2017\/06\/02\/sagenwanderung-am-woerthersee\/"},"wordCount":54,"commentCount":0,"publisher":{"@id":"https:\/\/www.wilhelmkuehs.com\/#\/schema\/person\/8144eaed5f2340c3b04e457a20259ccd"},"image":{"@id":"https:\/\/www.wilhelmkuehs.com\/index.php\/2017\/06\/02\/sagenwanderung-am-woerthersee\/#primaryimage"},"thumbnailUrl":"http:\/\/2.bp.blogspot.com\/-2hXccoMjBKY\/U2NZFFx07kI\/AAAAAAAAAPc\/sYBErMuBgDg\/s1600\/Maria+W%C3%B6rth_33.JPG","inLanguage":"de","potentialAction":[{"@type":"CommentAction","name":"Comment","target":["https:\/\/www.wilhelmkuehs.com\/index.php\/2017\/06\/02\/sagenwanderung-am-woerthersee\/#respond"]}]},{"@type":"WebPage","@id":"https:\/\/www.wilhelmkuehs.com\/index.php\/2017\/06\/02\/sagenwanderung-am-woerthersee\/","url":"https:\/\/www.wilhelmkuehs.com\/index.php\/2017\/06\/02\/sagenwanderung-am-woerthersee\/","name":"Sagenwanderung am W\u00f6rthersee - Wilhelm Kuehs","isPartOf":{"@id":"https:\/\/www.wilhelmkuehs.com\/#website"},"primaryImageOfPage":{"@id":"https:\/\/www.wilhelmkuehs.com\/index.php\/2017\/06\/02\/sagenwanderung-am-woerthersee\/#primaryimage"},"image":{"@id":"https:\/\/www.wilhelmkuehs.com\/index.php\/2017\/06\/02\/sagenwanderung-am-woerthersee\/#primaryimage"},"thumbnailUrl":"http:\/\/2.bp.blogspot.com\/-2hXccoMjBKY\/U2NZFFx07kI\/AAAAAAAAAPc\/sYBErMuBgDg\/s1600\/Maria+W%C3%B6rth_33.JPG","datePublished":"2017-06-01T22:37:14+00:00","dateModified":"2017-09-29T10:55:49+00:00","breadcrumb":{"@id":"https:\/\/www.wilhelmkuehs.com\/index.php\/2017\/06\/02\/sagenwanderung-am-woerthersee\/#breadcrumb"},"inLanguage":"de","potentialAction":[{"@type":"ReadAction","target":["https:\/\/www.wilhelmkuehs.com\/index.php\/2017\/06\/02\/sagenwanderung-am-woerthersee\/"]}]},{"@type":"ImageObject","inLanguage":"de","@id":"https:\/\/www.wilhelmkuehs.com\/index.php\/2017\/06\/02\/sagenwanderung-am-woerthersee\/#primaryimage","url":"http:\/\/2.bp.blogspot.com\/-2hXccoMjBKY\/U2NZFFx07kI\/AAAAAAAAAPc\/sYBErMuBgDg\/s1600\/Maria+W%C3%B6rth_33.JPG","contentUrl":"http:\/\/2.bp.blogspot.com\/-2hXccoMjBKY\/U2NZFFx07kI\/AAAAAAAAAPc\/sYBErMuBgDg\/s1600\/Maria+W%C3%B6rth_33.JPG"},{"@type":"BreadcrumbList","@id":"https:\/\/www.wilhelmkuehs.com\/index.php\/2017\/06\/02\/sagenwanderung-am-woerthersee\/#breadcrumb","itemListElement":[{"@type":"ListItem","position":1,"name":"Home","item":"https:\/\/www.wilhelmkuehs.com\/"},{"@type":"ListItem","position":2,"name":"Sagenwanderung am W\u00f6rthersee"}]},{"@type":"WebSite","@id":"https:\/\/www.wilhelmkuehs.com\/#website","url":"https:\/\/www.wilhelmkuehs.com\/","name":"Wilhelm Kuehs","description":"Offizielle Website","publisher":{"@id":"https:\/\/www.wilhelmkuehs.com\/#\/schema\/person\/8144eaed5f2340c3b04e457a20259ccd"},"potentialAction":[{"@type":"SearchAction","target":{"@type":"EntryPoint","urlTemplate":"https:\/\/www.wilhelmkuehs.com\/?s={search_term_string}"},"query-input":{"@type":"PropertyValueSpecification","valueRequired":true,"valueName":"search_term_string"}}],"inLanguage":"de"},{"@type":["Person","Organization"],"@id":"https:\/\/www.wilhelmkuehs.com\/#\/schema\/person\/8144eaed5f2340c3b04e457a20259ccd","name":"Wilhelm Kuehs","image":{"@type":"ImageObject","inLanguage":"de","@id":"https:\/\/www.wilhelmkuehs.com\/wp-content\/uploads\/2017\/08\/presse01.jpg","url":"https:\/\/www.wilhelmkuehs.com\/wp-content\/uploads\/2017\/08\/presse01.jpg","contentUrl":"https:\/\/www.wilhelmkuehs.com\/wp-content\/uploads\/2017\/08\/presse01.jpg","width":2048,"height":1536,"caption":"Wilhelm Kuehs"},"logo":{"@id":"https:\/\/www.wilhelmkuehs.com\/wp-content\/uploads\/2017\/08\/presse01.jpg"},"sameAs":["https:\/\/www.facebook.com\/Wilhelm.Kuehs","https:\/\/de.wikipedia.org\/wiki\/Wilhelm_Kuehs"]}]}},"_links":{"self":[{"href":"https:\/\/www.wilhelmkuehs.com\/index.php\/wp-json\/wp\/v2\/posts\/95","targetHints":{"allow":["GET"]}}],"collection":[{"href":"https:\/\/www.wilhelmkuehs.com\/index.php\/wp-json\/wp\/v2\/posts"}],"about":[{"href":"https:\/\/www.wilhelmkuehs.com\/index.php\/wp-json\/wp\/v2\/types\/post"}],"author":[{"embeddable":true,"href":"https:\/\/www.wilhelmkuehs.com\/index.php\/wp-json\/wp\/v2\/users\/1"}],"replies":[{"embeddable":true,"href":"https:\/\/www.wilhelmkuehs.com\/index.php\/wp-json\/wp\/v2\/comments?post=95"}],"version-history":[{"count":6,"href":"https:\/\/www.wilhelmkuehs.com\/index.php\/wp-json\/wp\/v2\/posts\/95\/revisions"}],"predecessor-version":[{"id":156,"href":"https:\/\/www.wilhelmkuehs.com\/index.php\/wp-json\/wp\/v2\/posts\/95\/revisions\/156"}],"wp:attachment":[{"href":"https:\/\/www.wilhelmkuehs.com\/index.php\/wp-json\/wp\/v2\/media?parent=95"}],"wp:term":[{"taxonomy":"category","embeddable":true,"href":"https:\/\/www.wilhelmkuehs.com\/index.php\/wp-json\/wp\/v2\/categories?post=95"},{"taxonomy":"post_tag","embeddable":true,"href":"https:\/\/www.wilhelmkuehs.com\/index.php\/wp-json\/wp\/v2\/tags?post=95"}],"curies":[{"name":"wp","href":"https:\/\/api.w.org\/{rel}","templated":true}]}}